{"id":2719,"date":"2020-03-20T10:58:32","date_gmt":"2020-03-20T10:58:32","guid":{"rendered":"https:\/\/www.mcgregorlegal.eu\/ro\/?p=2719"},"modified":"2020-06-23T12:03:55","modified_gmt":"2020-06-23T12:03:55","slug":"clauza-de-forta-majora-in-contextul-pandemiei-covid-19","status":"publish","type":"post","link":"https:\/\/www.mcgregorlegal.eu\/ro\/clauza-de-forta-majora-in-contextul-pandemiei-covid-19\/","title":{"rendered":"Clauza de for\u021b\u0103 major\u0103 \u00een contextul pandemiei Covid-19"},"content":{"rendered":"\n<p>\u00cen aceast\u0103 perioad\u0103 grea prin care trecem la nivel global, suntem pu\u0219i la \u00eencercare din toate punctele de vedere al s\u0103n\u0103t\u0103\u021bii, al disciplinei \u0219i chiar al organiz\u0103rii unui viitor apropiat care s\u0103 se adapteze noilor noastre nevoi, \u00een care cheltuielile voluptorii vor fi aproape de tot eliminate iar cele necesare \u0219i utile vor fi cele asupra c\u0103rora ne vom focusa.&nbsp;<\/p>\n\n\n\n<p>Dar ce se \u00eent\u00e2mpl\u0103 atunci c\u00e2nd deja s-au \u00eencheiat unele contracte \u00eenainte de izbucnirea pandemiei Covid-19, care acum, din cauza efectelor negative asupra economiei, pun p\u0103r\u021bile \u00een situa\u021bia \u00een care obliga\u021biile n\u0103scute din aceste contracte nu pot fi \u00eendeplinite din cauza obiectiv\u0103 a faptului definit ca for\u021b\u0103 major\u0103, care \u00eempiedic\u0103 executarea obliga\u021biilor contractuale.<\/p>\n\n\n\n<p>Este de notorietate c\u0103 \u00een majoritatea contractelor undeva \u00een partea final\u0103, s\u0103 se reg\u0103seasc\u0103 clauza de for\u021b\u0103 major\u0103, ce reprezint\u0103 acel colac de salvare\/safety net \u00een cazul \u00een care obliga\u021biile nu pot fi \u00eendeplinite ca urmare a interven\u021beiei unui \u201ceveniment extern, imprevizibil, absolut invincibil \u0219i inevitabil\u201d [Codul civil].&nbsp;<\/p>\n\n\n\n<p>Dar oare, chiar a\u0219a este? Intr-adev\u0103r dac\u0103 exist\u0103 clauza de for\u021b\u0103 major\u0103 \u00een contract, \u0219i \u201cd\u0103c\u0103 legea nu prevede altfel sau p\u0103r\u021bile nu convin contrariul r\u0103spunderea este \u00eenl\u0103turat\u0103 atunci c\u00e2nd prejudiciul este cauzat de for\u021b\u0103 major\u0103\u201c [Codul civil]?<\/p>\n\n\n\n<p>S\u0103 ne aplec\u0103m aten\u021bia asupra ce \u0219tim c\u0103 reprezint\u0103 un eveniment de for\u021b\u0103 major &#8211; \u00een general for\u021ba major\u0103 se refer\u0103 la evenimente care nu au nicio leg\u0103tur\u0103 cu fapta omului \u0219i care nu pot fi prev\u0103zute, cum ar fi cutremure, tsunami-uri, furtuni, c\u0103deri de z\u0103pad\u0103, deci fenomene naturale extraordinare, dar \u0219i evenimente extraordinare provocate de oameni cum sunt r\u0103zboaiele, revoltele \u0219i revolu\u021biile.<\/p>\n\n\n\n<p>\u00cens\u0103 \u00eentrebarea care se pune &#8211; pandemia se clasific\u0103 a fi un eveniment de for\u021b\u0103 major\u0103? \u00cen cadrul Avertismentului lansat de CCIR \u00een contextul coronavirusului, se precizeaz\u0103 c\u0103:<\/p>\n\n\n\n<p><em>\u201cUnele clauze de for\u021b\u0103 major\u0103 chiar pot fi prev\u0103zute astfel \u00eenc\u00e2t s\u0103 includ\u0103 epidemiile sau pandemiile.&nbsp; Atunci c\u00e2nd o clauz\u0103 de for\u021b\u0103 major\u0103 este prev\u0103zut\u0103 \u00een sens mai general \u2013 chiar f\u0103r\u0103 s\u0103 includ\u0103 epidemiile sau pandemiile, \u00eens\u0103 prevede orice act sau fapt survenit dincolo de controlul sau voin\u021ba p\u0103r\u021bilor afectate, atunci r\u0103sp\u00e2ndirea epidemiei sau pandemiei poate fi considerate ca un eveniment de for\u021b\u0103 major\u0103.&nbsp; Cu toate astea, o clauz\u0103 de for\u021b\u0103 major\u0103 insuficient definit\u0103, care se refer\u0103 numai la evenimente naturale, intemperii etc. sau doar men\u021bioneaz\u0103 sintagma un eveniment de for\u021b\u0103 major\u0103, ar putea fi considerate ca insuficient\u0103 pentru a putea exonera de r\u0103spundere.\u201d<\/em><\/p>\n\n\n\n<p>Practic faptul c\u0103 o clauz\u0103 de for\u021b\u0103 major\u0103 acoper\u0103 explicit \u0219i situa\u021bia unei epidemii sau pandemii, pare a nu fi suficient. Partea contractant\u0103 care invoc\u0103 imposibilitatea \u00eendeplinirii obliga\u021biilor din cauza Covid-19 trebuie s\u0103 demonstreze acest lucru \u0219i mai mult c\u0103 a \u00eencercat prin toate metodele rezonabile s\u0103 evite sau s\u0103 reduc\u0103 consecin\u021bele.<\/p>\n\n\n\n<p>Jurispruden\u021ba Cur\u021bii de Arbitraj Comercial Interna\u021bional de pe l\u00e2ng\u0103 Camera de Comer\u021b \u0219i Industrie a Rom\u00e2niei, precizeaz\u0103 \u00een situa\u021bii similare c\u0103 este la latitudinea p\u0103r\u021bii prejudiciate s\u0103 \u021bin\u0103 sau nu cont de motivele \u0219i dovezile, printre care \u0219i avizul de for\u021b\u0103 major\u0103 emis de CCIR, prezentate de cealalt\u0103 parte contractanta, \u00een vederea justific\u0103rii ne\u00eendeplinirii obliga\u021biilor sale contractuale. &nbsp;<\/p>\n\n\n\n<p>Cu siguran\u021b\u0103 vom asista \u00een viitor la crearea unei bogate jurispruden\u021be a instan\u021belor de judecat\u0103 cu privire la clauzele de for\u021b\u0103 major\u0103 din contracte, \u00een contextul Covid-19. Instan\u021bele de judecat\u0103 fiind \u00een realitate cele care vor avea ultimul cuv\u00e2nt si cele care vor duce la o imbogatire a con\u021binutului clauzei de for\u021b\u0103 major\u0103 dup\u0103 Covid-19.<\/p>\n","protected":false},"excerpt":{"rendered":"<p>\u00cen aceast\u0103 perioad\u0103 grea prin care trecem la nivel global, suntem pu\u0219i la \u00eencercare din toate punctele de vedere al s\u0103n\u0103t\u0103\u021bii, al disciplinei \u0219i chiar al organiz\u0103rii unui viitor apropiat care s\u0103 se adapteze noilor noastre nevoi, \u00een care cheltuielile voluptorii vor fi aproape de tot eliminate iar cele necesare \u0219i utile vor fi cele [&hellip;]<\/p>\n","protected":false},"author":38,"featured_media":2721,"comment_status":"closed","ping_status":"open","sticky":false,"template":"","format":"standard","meta":{"_genesis_hide_title":false,"_genesis_hide_breadcrumbs":false,"_genesis_hide_singular_image":false,"_genesis_hide_footer_widgets":false,"_genesis_custom_body_class":"","_genesis_custom_post_class":"","_genesis_layout":"","footnotes":""},"categories":[23],"tags":[65,64],"coauthors":[],"class_list":{"0":"post-2719","1":"post","2":"type-post","3":"status-publish","4":"format-standard","5":"has-post-thumbnail","7":"category-general","8":"tag-clauza-forta-majora","9":"tag-pandemie-covid-19","10":"entry"},"yoast_head":"<!-- This site is optimized with the Yoast SEO plugin v24.2 - https:\/\/yoast.com\/wordpress\/plugins\/seo\/ -->\n<title>Clauza de for\u021b\u0103 major\u0103 \u00een contextul pandemiei Covid-19 - McGregor &amp; Partners Bucharest<\/title>\n<meta name=\"robots\" content=\"index, follow, max-snippet:-1, max-image-preview:large, max-video-preview:-1\" \/>\n<link rel=\"canonical\" href=\"https:\/\/www.mcgregorlegal.eu\/ro\/clauza-de-forta-majora-in-contextul-pandemiei-covid-19\/\" \/>\n<meta property=\"og:locale\" content=\"ro_RO\" \/>\n<meta property=\"og:type\" content=\"article\" \/>\n<meta property=\"og:title\" content=\"Clauza de for\u021b\u0103 major\u0103 \u00een contextul pandemiei Covid-19 - McGregor &amp; Partners Bucharest\" \/>\n<meta property=\"og:description\" content=\"\u00cen aceast\u0103 perioad\u0103 grea prin care trecem la nivel global, suntem pu\u0219i la \u00eencercare din toate punctele de vedere al s\u0103n\u0103t\u0103\u021bii, al disciplinei \u0219i chiar al organiz\u0103rii unui viitor apropiat care s\u0103 se adapteze noilor noastre nevoi, \u00een care cheltuielile voluptorii vor fi aproape de tot eliminate iar cele necesare \u0219i utile vor fi cele [&hellip;]\" \/>\n<meta property=\"og:url\" content=\"https:\/\/www.mcgregorlegal.eu\/ro\/clauza-de-forta-majora-in-contextul-pandemiei-covid-19\/\" \/>\n<meta property=\"og:site_name\" content=\"McGregor &amp; Partners Bucharest\" \/>\n<meta property=\"article:published_time\" content=\"2020-03-20T10:58:32+00:00\" \/>\n<meta property=\"article:modified_time\" content=\"2020-06-23T12:03:55+00:00\" \/>\n<meta property=\"og:image\" content=\"https:\/\/www.mcgregorlegal.eu\/ro\/wp-content\/uploads\/sites\/2\/2020\/03\/force-majeure-coronavirus-mcgregorlegal.jpg\" \/>\n\t<meta property=\"og:image:width\" content=\"750\" \/>\n\t<meta property=\"og:image:height\" content=\"500\" \/>\n\t<meta property=\"og:image:type\" content=\"image\/jpeg\" \/>\n<meta name=\"author\" content=\"Luisa Mendez Guzman\" \/>\n<meta name=\"twitter:card\" content=\"summary_large_image\" \/>\n<meta name=\"twitter:label1\" content=\"Scris de\" \/>\n\t<meta name=\"twitter:data1\" content=\"Luisa Mendez Guzman\" \/>\n\t<meta name=\"twitter:label2\" content=\"Timp estimat pentru citire\" \/>\n\t<meta name=\"twitter:data2\" content=\"3 minute\" \/>\n\t<meta name=\"twitter:label3\" content=\"Written by\" \/>\n\t<meta name=\"twitter:data3\" content=\"Luisa Mendez Guzman\" \/>\n<script type=\"application\/ld+json\" class=\"yoast-schema-graph\">{\"@context\":\"https:\/\/schema.org\",\"@graph\":[{\"@type\":\"WebPage\",\"@id\":\"https:\/\/www.mcgregorlegal.eu\/ro\/clauza-de-forta-majora-in-contextul-pandemiei-covid-19\/\",\"url\":\"https:\/\/www.mcgregorlegal.eu\/ro\/clauza-de-forta-majora-in-contextul-pandemiei-covid-19\/\",\"name\":\"Clauza de for\u021b\u0103 major\u0103 \u00een contextul pandemiei Covid-19 - McGregor &amp; Partners Bucharest\",\"isPartOf\":{\"@id\":\"https:\/\/www.mcgregorlegal.eu\/ro\/#website\"},\"primaryImageOfPage\":{\"@id\":\"https:\/\/www.mcgregorlegal.eu\/ro\/clauza-de-forta-majora-in-contextul-pandemiei-covid-19\/#primaryimage\"},\"image\":{\"@id\":\"https:\/\/www.mcgregorlegal.eu\/ro\/clauza-de-forta-majora-in-contextul-pandemiei-covid-19\/#primaryimage\"},\"thumbnailUrl\":\"https:\/\/www.mcgregorlegal.eu\/ro\/wp-content\/uploads\/sites\/2\/2020\/03\/force-majeure-coronavirus-mcgregorlegal.jpg\",\"datePublished\":\"2020-03-20T10:58:32+00:00\",\"dateModified\":\"2020-06-23T12:03:55+00:00\",\"author\":{\"@id\":\"https:\/\/www.mcgregorlegal.eu\/ro\/#\/schema\/person\/d5fa29232162990d8f9fc758cd9060c9\"},\"breadcrumb\":{\"@id\":\"https:\/\/www.mcgregorlegal.eu\/ro\/clauza-de-forta-majora-in-contextul-pandemiei-covid-19\/#breadcrumb\"},\"inLanguage\":\"ro-RO\",\"potentialAction\":[{\"@type\":\"ReadAction\",\"target\":[\"https:\/\/www.mcgregorlegal.eu\/ro\/clauza-de-forta-majora-in-contextul-pandemiei-covid-19\/\"]}]},{\"@type\":\"ImageObject\",\"inLanguage\":\"ro-RO\",\"@id\":\"https:\/\/www.mcgregorlegal.eu\/ro\/clauza-de-forta-majora-in-contextul-pandemiei-covid-19\/#primaryimage\",\"url\":\"https:\/\/www.mcgregorlegal.eu\/ro\/wp-content\/uploads\/sites\/2\/2020\/03\/force-majeure-coronavirus-mcgregorlegal.jpg\",\"contentUrl\":\"https:\/\/www.mcgregorlegal.eu\/ro\/wp-content\/uploads\/sites\/2\/2020\/03\/force-majeure-coronavirus-mcgregorlegal.jpg\",\"width\":750,\"height\":500},{\"@type\":\"BreadcrumbList\",\"@id\":\"https:\/\/www.mcgregorlegal.eu\/ro\/clauza-de-forta-majora-in-contextul-pandemiei-covid-19\/#breadcrumb\",\"itemListElement\":[{\"@type\":\"ListItem\",\"position\":1,\"name\":\"Home\",\"item\":\"https:\/\/www.mcgregorlegal.eu\/ro\/\"},{\"@type\":\"ListItem\",\"position\":2,\"name\":\"Clauza de for\u021b\u0103 major\u0103 \u00een contextul pandemiei Covid-19\"}]},{\"@type\":\"WebSite\",\"@id\":\"https:\/\/www.mcgregorlegal.eu\/ro\/#website\",\"url\":\"https:\/\/www.mcgregorlegal.eu\/ro\/\",\"name\":\"McGregor &amp; Partners Bucharest\",\"description\":\"o firm\u0103 de avocatur\u0103 de tip boutique, specializat\u0103 pe tranzac\u021bii comerciale\",\"potentialAction\":[{\"@type\":\"SearchAction\",\"target\":{\"@type\":\"EntryPoint\",\"urlTemplate\":\"https:\/\/www.mcgregorlegal.eu\/ro\/?s={search_term_string}\"},\"query-input\":{\"@type\":\"PropertyValueSpecification\",\"valueRequired\":true,\"valueName\":\"search_term_string\"}}],\"inLanguage\":\"ro-RO\"},{\"@type\":\"Person\",\"@id\":\"https:\/\/www.mcgregorlegal.eu\/ro\/#\/schema\/person\/d5fa29232162990d8f9fc758cd9060c9\",\"name\":\"Luisa Mendez Guzman\",\"image\":{\"@type\":\"ImageObject\",\"inLanguage\":\"ro-RO\",\"@id\":\"https:\/\/www.mcgregorlegal.eu\/ro\/#\/schema\/person\/image\/80c74a31b49e51800178912b0989fcc7\",\"url\":\"https:\/\/secure.gravatar.com\/avatar\/31e748a6788b0d44b3ee854c609d2ab0?s=96&d=mm&r=g\",\"contentUrl\":\"https:\/\/secure.gravatar.com\/avatar\/31e748a6788b0d44b3ee854c609d2ab0?s=96&d=mm&r=g\",\"caption\":\"Luisa Mendez Guzman\"},\"url\":\"https:\/\/www.mcgregorlegal.eu\/ro\/author\/luisa-mendez-guzman\/\"}]}<\/script>\n<!-- \/ Yoast SEO plugin. -->","yoast_head_json":{"title":"Clauza de for\u021b\u0103 major\u0103 \u00een contextul pandemiei Covid-19 - McGregor &amp; Partners Bucharest","robots":{"index":"index","follow":"follow","max-snippet":"max-snippet:-1","max-image-preview":"max-image-preview:large","max-video-preview":"max-video-preview:-1"},"canonical":"https:\/\/www.mcgregorlegal.eu\/ro\/clauza-de-forta-majora-in-contextul-pandemiei-covid-19\/","og_locale":"ro_RO","og_type":"article","og_title":"Clauza de for\u021b\u0103 major\u0103 \u00een contextul pandemiei Covid-19 - McGregor &amp; Partners Bucharest","og_description":"\u00cen aceast\u0103 perioad\u0103 grea prin care trecem la nivel global, suntem pu\u0219i la \u00eencercare din toate punctele de vedere al s\u0103n\u0103t\u0103\u021bii, al disciplinei \u0219i chiar al organiz\u0103rii unui viitor apropiat care s\u0103 se adapteze noilor noastre nevoi, \u00een care cheltuielile voluptorii vor fi aproape de tot eliminate iar cele necesare \u0219i utile vor fi cele [&hellip;]","og_url":"https:\/\/www.mcgregorlegal.eu\/ro\/clauza-de-forta-majora-in-contextul-pandemiei-covid-19\/","og_site_name":"McGregor &amp; Partners Bucharest","article_published_time":"2020-03-20T10:58:32+00:00","article_modified_time":"2020-06-23T12:03:55+00:00","og_image":[{"width":750,"height":500,"url":"https:\/\/www.mcgregorlegal.eu\/ro\/wp-content\/uploads\/sites\/2\/2020\/03\/force-majeure-coronavirus-mcgregorlegal.jpg","type":"image\/jpeg"}],"author":"Luisa Mendez Guzman","twitter_card":"summary_large_image","twitter_misc":{"Scris de":"Luisa Mendez Guzman","Timp estimat pentru citire":"3 minute","Written by":"Luisa Mendez Guzman"},"schema":{"@context":"https:\/\/schema.org","@graph":[{"@type":"WebPage","@id":"https:\/\/www.mcgregorlegal.eu\/ro\/clauza-de-forta-majora-in-contextul-pandemiei-covid-19\/","url":"https:\/\/www.mcgregorlegal.eu\/ro\/clauza-de-forta-majora-in-contextul-pandemiei-covid-19\/","name":"Clauza de for\u021b\u0103 major\u0103 \u00een contextul pandemiei Covid-19 - McGregor &amp; Partners Bucharest","isPartOf":{"@id":"https:\/\/www.mcgregorlegal.eu\/ro\/#website"},"primaryImageOfPage":{"@id":"https:\/\/www.mcgregorlegal.eu\/ro\/clauza-de-forta-majora-in-contextul-pandemiei-covid-19\/#primaryimage"},"image":{"@id":"https:\/\/www.mcgregorlegal.eu\/ro\/clauza-de-forta-majora-in-contextul-pandemiei-covid-19\/#primaryimage"},"thumbnailUrl":"https:\/\/www.mcgregorlegal.eu\/ro\/wp-content\/uploads\/sites\/2\/2020\/03\/force-majeure-coronavirus-mcgregorlegal.jpg","datePublished":"2020-03-20T10:58:32+00:00","dateModified":"2020-06-23T12:03:55+00:00","author":{"@id":"https:\/\/www.mcgregorlegal.eu\/ro\/#\/schema\/person\/d5fa29232162990d8f9fc758cd9060c9"},"breadcrumb":{"@id":"https:\/\/www.mcgregorlegal.eu\/ro\/clauza-de-forta-majora-in-contextul-pandemiei-covid-19\/#breadcrumb"},"inLanguage":"ro-RO","potentialAction":[{"@type":"ReadAction","target":["https:\/\/www.mcgregorlegal.eu\/ro\/clauza-de-forta-majora-in-contextul-pandemiei-covid-19\/"]}]},{"@type":"ImageObject","inLanguage":"ro-RO","@id":"https:\/\/www.mcgregorlegal.eu\/ro\/clauza-de-forta-majora-in-contextul-pandemiei-covid-19\/#primaryimage","url":"https:\/\/www.mcgregorlegal.eu\/ro\/wp-content\/uploads\/sites\/2\/2020\/03\/force-majeure-coronavirus-mcgregorlegal.jpg","contentUrl":"https:\/\/www.mcgregorlegal.eu\/ro\/wp-content\/uploads\/sites\/2\/2020\/03\/force-majeure-coronavirus-mcgregorlegal.jpg","width":750,"height":500},{"@type":"BreadcrumbList","@id":"https:\/\/www.mcgregorlegal.eu\/ro\/clauza-de-forta-majora-in-contextul-pandemiei-covid-19\/#breadcrumb","itemListElement":[{"@type":"ListItem","position":1,"name":"Home","item":"https:\/\/www.mcgregorlegal.eu\/ro\/"},{"@type":"ListItem","position":2,"name":"Clauza de for\u021b\u0103 major\u0103 \u00een contextul pandemiei Covid-19"}]},{"@type":"WebSite","@id":"https:\/\/www.mcgregorlegal.eu\/ro\/#website","url":"https:\/\/www.mcgregorlegal.eu\/ro\/","name":"McGregor &amp; Partners Bucharest","description":"o firm\u0103 de avocatur\u0103 de tip boutique, specializat\u0103 pe tranzac\u021bii comerciale","potentialAction":[{"@type":"SearchAction","target":{"@type":"EntryPoint","urlTemplate":"https:\/\/www.mcgregorlegal.eu\/ro\/?s={search_term_string}"},"query-input":{"@type":"PropertyValueSpecification","valueRequired":true,"valueName":"search_term_string"}}],"inLanguage":"ro-RO"},{"@type":"Person","@id":"https:\/\/www.mcgregorlegal.eu\/ro\/#\/schema\/person\/d5fa29232162990d8f9fc758cd9060c9","name":"Luisa Mendez Guzman","image":{"@type":"ImageObject","inLanguage":"ro-RO","@id":"https:\/\/www.mcgregorlegal.eu\/ro\/#\/schema\/person\/image\/80c74a31b49e51800178912b0989fcc7","url":"https:\/\/secure.gravatar.com\/avatar\/31e748a6788b0d44b3ee854c609d2ab0?s=96&d=mm&r=g","contentUrl":"https:\/\/secure.gravatar.com\/avatar\/31e748a6788b0d44b3ee854c609d2ab0?s=96&d=mm&r=g","caption":"Luisa Mendez Guzman"},"url":"https:\/\/www.mcgregorlegal.eu\/ro\/author\/luisa-mendez-guzman\/"}]}},"_links":{"self":[{"href":"https:\/\/www.mcgregorlegal.eu\/ro\/wp-json\/wp\/v2\/posts\/2719","targetHints":{"allow":["GET"]}}],"collection":[{"href":"https:\/\/www.mcgregorlegal.eu\/ro\/wp-json\/wp\/v2\/posts"}],"about":[{"href":"https:\/\/www.mcgregorlegal.eu\/ro\/wp-json\/wp\/v2\/types\/post"}],"author":[{"embeddable":true,"href":"https:\/\/www.mcgregorlegal.eu\/ro\/wp-json\/wp\/v2\/users\/38"}],"replies":[{"embeddable":true,"href":"https:\/\/www.mcgregorlegal.eu\/ro\/wp-json\/wp\/v2\/comments?post=2719"}],"version-history":[{"count":1,"href":"https:\/\/www.mcgregorlegal.eu\/ro\/wp-json\/wp\/v2\/posts\/2719\/revisions"}],"predecessor-version":[{"id":2720,"href":"https:\/\/www.mcgregorlegal.eu\/ro\/wp-json\/wp\/v2\/posts\/2719\/revisions\/2720"}],"wp:featuredmedia":[{"embeddable":true,"href":"https:\/\/www.mcgregorlegal.eu\/ro\/wp-json\/wp\/v2\/media\/2721"}],"wp:attachment":[{"href":"https:\/\/www.mcgregorlegal.eu\/ro\/wp-json\/wp\/v2\/media?parent=2719"}],"wp:term":[{"taxonomy":"category","embeddable":true,"href":"https:\/\/www.mcgregorlegal.eu\/ro\/wp-json\/wp\/v2\/categories?post=2719"},{"taxonomy":"post_tag","embeddable":true,"href":"https:\/\/www.mcgregorlegal.eu\/ro\/wp-json\/wp\/v2\/tags?post=2719"},{"taxonomy":"author","embeddable":true,"href":"https:\/\/www.mcgregorlegal.eu\/ro\/wp-json\/wp\/v2\/coauthors?post=2719"}],"curies":[{"name":"wp","href":"https:\/\/api.w.org\/{rel}","templated":true}]}}