{"id":2736,"date":"2020-03-24T09:39:12","date_gmt":"2020-03-24T09:39:12","guid":{"rendered":"https:\/\/www.mcgregorlegal.eu\/ro\/?p=2736"},"modified":"2020-06-23T12:03:50","modified_gmt":"2020-06-23T12:03:50","slug":"prelucrarea-datelor-cu-caracter-personal-in-timpul-pandemiei-covid-19-pandemic","status":"publish","type":"post","link":"https:\/\/www.mcgregorlegal.eu\/ro\/prelucrarea-datelor-cu-caracter-personal-in-timpul-pandemiei-covid-19-pandemic\/","title":{"rendered":"Prelucrarea datelor cu caracter personal \u00een timpul pandemiei Covid-19 pandemic"},"content":{"rendered":"\n<p>Pe data de 19 martie 2020, Comitetul European pentru Protec\u021bia Datelor (CEPD) a publicat o declara\u021bie cu privire la prelucrarea datelor cu caracter personal \u00een contextul pandemiei de Covid-19.&nbsp; Declara\u021bia CEPD se refer\u0103 la prelucrarea diferitelor tipuri de date cu caracter personal de c\u0103tre guverne, organiza\u021bii publice \u0219i private din \u00eentrega Europ\u0103, \u00een timpul eforturilor lor de a controla \u0219i atenua efectele Covid-19.&nbsp; M\u0103surile luate \u00eempotriva Covid-19 trebuie s\u0103 garanteze prelucrarea legal\u0103 a datelor cu caracter personal \u0219i s\u0103 respecte principiile generale ale dreptului \u0219i nu trebuie s\u0103 aib\u0103 caracter ireversibil.&nbsp;<\/p>\n\n\n\n<p>GDPR permite autorit\u0103\u021bilor de s\u0103n\u0103tate public\u0103 \u0219i angajatorilor competen\u021bi s\u0103 prelucreze date cu caracter personal \u00een contextul epidemiei, \u00een conformitate cu legisla\u021bia na\u021bional\u0103, CEPD prezent\u00e2nd cu titlu de exemplu urm\u0103toarea situa\u021bie: \u201d<em>c\u00e2nd prelucrarea este necesar\u0103 din motive de interes public substantial \u00een domeniul s\u0103n\u0103t\u0103\u021bii publice, \u00een aceste condi\u021bii, nu mai este necesar s\u0103 v\u0103 baza\u021bi pe consim\u021b\u0103m\u00e2ntul persoanelor.\u201d&nbsp;<\/em><\/p>\n\n\n\n<p>CEPD consider\u0103 c\u0103 prevederile articolelor 6 \u0219i 9 din GDPR permit prelucrarea datelor cu caracter personal (inclusiv a categoriilor speciale), atunci c\u00e2nd acestea se \u00eencadreaz\u0103 \u00een mandatul legal al autorit\u0103\u021bii publice, prev\u0103zute de legisla\u021bia na\u021bional\u0103 \u0219i de condi\u021biile GDPR. Derog\u0103rile de la interzicerea prelucr\u0103rii unor categorii speciale de date cu character personal, cum ar fi datele privind s\u0103n\u0103tatea, sunt prev\u0103zute de GDPR, \u00een cazul \u00een care este necesar din motive de interes public \u00een domeniul s\u0103n\u0103t\u0103\u021bii publice (art. 9.2 (i)), a dreptului Uniunii sau legisla\u021biei na\u021bionale sau acolo unde este necesar\u0103 protejarea intereselor vitale ale persoanei vizate (art. 9.2 (c)), men\u021bionat explicit \u00een contextul controlului unei pandemii.<\/p>\n\n\n\n<ul class=\"wp-block-list\"><li>\u00cen ceea ce prive\u0219te rela\u021bia dintre angajator \u0219i angajat, CEPD afirm\u0103 c\u0103 prelucrarea datelor cu caracter personal poate fi necesar\u0103 pentru respectarea unei obliga\u021bii legale impus\u0103 angajatorului, cum ar fi obliga\u021bia referitoare la s\u0103n\u0103tatea \u0219i securitatea la locul de munc\u0103 sau la interesul public \u2013 precum controlul bolilor \u0219i alte amenin\u021b\u0103ri la adresa s\u0103n\u0103t\u0103\u021bii.<\/li><\/ul>\n\n\n\n<p>Dac\u0103 este cazul, angajatorii ar trebui s\u0103 informeze angaja\u021bii cu privire la cazurile de Covid-19 \u0219i s\u0103 ia m\u0103suri de protec\u021bie, \u00eens\u0103 trebuie s\u0103 se limiteze la a comunica numai informa\u021biile necesare.&nbsp; De\u0219i, \u00een cazurile \u00een care este necesar s\u0103 se dezv\u0103luie numele angajatului (angaja\u021bilor) care au contactat virusul, se va ac\u021biona \u00een acest sens numai din ra\u021biuni de preven\u021bie, iar \u00een cazul \u00een care legisla\u021bia na\u021bional\u0103 o permite, angajatul \u00een cauz\u0103 va fi informat \u00een prealabil \u0219i se vor depune eforturi pentru protejarea demnit\u0103\u021bii \u0219i integrit\u0103\u021bii sale.<\/p>\n\n\n\n<ul class=\"wp-block-list\"><li>\u00cen ceea ce prive\u0219te prelucrarea datelor de telecomunica\u021bii, cum ar fi datele de loca\u021bie &#8211; pot fi utilizate numai de operator atunci c\u00e2nd acestea sunt f\u0103cute \u00een mod anonim sau cu acordul persoanelor.&nbsp; Statele member pot adopta norme excep\u021bionale cu privire la acest tip de date cu caracter personal, numai dac\u0103 acestea constituie o m\u0103sur\u0103 necesar\u0103, adecvat\u0103 \u0219i propor\u021bional\u0103 \u00een cadrul unei societ\u0103\u021bi democratice.<\/li><\/ul>\n\n\n\n<p>Guvernele unora dintre statele membre, prev\u0103d posibilitatea de a geolocaliza persoanele fizice sau de a trimite mesaje cu privire la s\u0103n\u0103tatea public\u0103 persoanelor dintr-o anumit\u0103 zon\u0103.&nbsp;<\/p>\n\n\n\n<p>CEPD recomand\u0103 ca autorit\u0103\u021bile publice s\u0103 \u00eencerce \u00een primul r\u00e2nd s\u0103 proceseze datele privind localizarea \u00eentr-un mod anonim (adic\u0103 prelucrarea datelor agregate \u00eentr-un mod \u00een care persoanele nu pot fi reidentificate), ceea ce va putea permite generarea de rapoarte privind concentrarea dispozitivelor mobile \u00eentr-o anumit\u0103 loca\u021bie.&nbsp; Cu toate acestea, atunci c\u00e2nd nu este posibil s\u0103 se proceseze doar date anonime, statele membre ar trebui s\u0103 asigure garan\u021bii adecvate, cum ar fi facilitarea unor c\u0103i de atac persoanelor fizice.<\/p>\n\n\n\n<p>CEPD men\u021bioneaz\u0103 c\u0103 trebuie aplicat principiul propor\u021bionalit\u0103\u021bii, \u00eentruc\u00e2t solu\u021bia cea mai pu\u021bin intruziv\u0103 ar trebui s\u0103 fie \u00eentotdeauna preferat\u0103, \u021bin\u00e2nd cont de scopul specific ce trebuie atins.<\/p>\n\n\n\n<p>\u201dTrackingul\u201d persoanelor (adic\u0103 prelucrarea datelor istorice privind localiz\u0103rile neanonomizate) ar putea fi considerat\u0103 propor\u021bional\u0103 doar \u00een circumstan\u021be excep\u021bionale \u0219i \u00een func\u021bie de modalit\u0103\u021bile concrete ale prelucr\u0103rii \u2013 dar sub control \u0219i cu garan\u021bii \u00eenbun\u0103t\u0103\u021bite pentru a asigura respectarea principiilor protec\u021biei datelor (propor\u021bionalitatea m\u0103surilor \u00een ceea ce prive\u0219te durata \u0219i sfera de aplicare, stocarea limitat\u0103 a datelor \u0219i limitarea scopului).<\/p>\n\n\n\n<p>Toate m\u0103surile mai sus men\u021bionate trebuie efectuate doar \u00een scopuri explicite \u0219i foarte bine specificate, trebuie s\u0103 fie strict limitate la durata sirua\u021biei urgente \u0219i trebuie s\u0103 respecte Carta drepturilor fundamentale \u0219i Conven\u021bia European\u0103 pentru ap\u0103rarea drepturilor omului \u0219i libert\u0103\u021bilor fundamentale.<\/p>\n\n\n\n<p>\u00cen plus, CEPD a precizat c\u0103 persoana vizat\u0103 trebuie s\u0103 primeasc\u0103 informa\u021bii trasparente, u\u0219or accesibile \u0219i furnizate \u00eentr-un limbaj clar (pe \u00een\u021belesul tuturor), cu privire la activit\u0103\u021bile de prelucrare, inclusiv la perioada de stocare a datelor colectate, precum \u0219i cu privire la scopurile prelucr\u0103rii. CEPD a subliniat \u00een cadrul declara\u021biei \u2013 importan\u021ba document\u0103rii tututror m\u0103surilor&nbsp; adecvate de securitate \u0219i a politicilor de confiden\u021bialitate ce trebuie luate pentru a se asigura c\u0103 datele cu caracter personal nu sunt dezv\u0103luite p\u0103r\u021bilor neautorizate.<\/p>\n","protected":false},"excerpt":{"rendered":"<p>Pe data de 19 martie 2020, Comitetul European pentru Protec\u021bia Datelor (CEPD) a publicat o declara\u021bie cu privire la prelucrarea datelor cu caracter personal \u00een contextul pandemiei de Covid-19.&nbsp; Declara\u021bia CEPD se refer\u0103 la prelucrarea diferitelor tipuri de date cu caracter personal de c\u0103tre guverne, organiza\u021bii publice \u0219i private din \u00eentrega Europ\u0103, \u00een timpul eforturilor [&hellip;]<\/p>\n","protected":false},"author":38,"featured_media":2737,"comment_status":"closed","ping_status":"open","sticky":false,"template":"","format":"standard","meta":{"_genesis_hide_title":false,"_genesis_hide_breadcrumbs":false,"_genesis_hide_singular_image":false,"_genesis_hide_footer_widgets":false,"_genesis_custom_body_class":"","_genesis_custom_post_class":"","_genesis_layout":"","footnotes":""},"categories":[22],"tags":[67,68,17],"coauthors":[],"class_list":{"0":"post-2736","1":"post","2":"type-post","3":"status-publish","4":"format-standard","5":"has-post-thumbnail","7":"category-gdpr","8":"tag-cepd","9":"tag-covid-19","10":"tag-gdpr","11":"entry"},"yoast_head":"<!-- This site is optimized with the Yoast SEO plugin v24.2 - https:\/\/yoast.com\/wordpress\/plugins\/seo\/ -->\n<title>Prelucrarea datelor cu caracter personal \u00een timpul pandemiei Covid-19 pandemic - McGregor &amp; Partners Bucharest<\/title>\n<meta name=\"robots\" content=\"index, follow, max-snippet:-1, max-image-preview:large, max-video-preview:-1\" \/>\n<link rel=\"canonical\" href=\"https:\/\/www.mcgregorlegal.eu\/ro\/prelucrarea-datelor-cu-caracter-personal-in-timpul-pandemiei-covid-19-pandemic\/\" \/>\n<meta property=\"og:locale\" content=\"ro_RO\" \/>\n<meta property=\"og:type\" content=\"article\" \/>\n<meta property=\"og:title\" content=\"Prelucrarea datelor cu caracter personal \u00een timpul pandemiei Covid-19 pandemic - McGregor &amp; Partners Bucharest\" \/>\n<meta property=\"og:description\" content=\"Pe data de 19 martie 2020, Comitetul European pentru Protec\u021bia Datelor (CEPD) a publicat o declara\u021bie cu privire la prelucrarea datelor cu caracter personal \u00een contextul pandemiei de Covid-19.&nbsp; Declara\u021bia CEPD se refer\u0103 la prelucrarea diferitelor tipuri de date cu caracter personal de c\u0103tre guverne, organiza\u021bii publice \u0219i private din \u00eentrega Europ\u0103, \u00een timpul eforturilor [&hellip;]\" \/>\n<meta property=\"og:url\" content=\"https:\/\/www.mcgregorlegal.eu\/ro\/prelucrarea-datelor-cu-caracter-personal-in-timpul-pandemiei-covid-19-pandemic\/\" \/>\n<meta property=\"og:site_name\" content=\"McGregor &amp; Partners Bucharest\" \/>\n<meta property=\"article:published_time\" content=\"2020-03-24T09:39:12+00:00\" \/>\n<meta property=\"article:modified_time\" content=\"2020-06-23T12:03:50+00:00\" \/>\n<meta property=\"og:image\" content=\"https:\/\/www.mcgregorlegal.eu\/ro\/wp-content\/uploads\/sites\/2\/2020\/03\/3.jpg\" \/>\n\t<meta property=\"og:image:width\" content=\"1000\" \/>\n\t<meta property=\"og:image:height\" content=\"500\" \/>\n\t<meta property=\"og:image:type\" content=\"image\/jpeg\" \/>\n<meta name=\"author\" content=\"Luisa Mendez Guzman\" \/>\n<meta name=\"twitter:card\" content=\"summary_large_image\" \/>\n<meta name=\"twitter:label1\" content=\"Scris de\" \/>\n\t<meta name=\"twitter:data1\" content=\"Luisa Mendez Guzman\" \/>\n\t<meta name=\"twitter:label2\" content=\"Timp estimat pentru citire\" \/>\n\t<meta name=\"twitter:data2\" content=\"4 minute\" \/>\n\t<meta name=\"twitter:label3\" content=\"Written by\" \/>\n\t<meta name=\"twitter:data3\" content=\"Luisa Mendez Guzman\" \/>\n<script type=\"application\/ld+json\" class=\"yoast-schema-graph\">{\"@context\":\"https:\/\/schema.org\",\"@graph\":[{\"@type\":\"WebPage\",\"@id\":\"https:\/\/www.mcgregorlegal.eu\/ro\/prelucrarea-datelor-cu-caracter-personal-in-timpul-pandemiei-covid-19-pandemic\/\",\"url\":\"https:\/\/www.mcgregorlegal.eu\/ro\/prelucrarea-datelor-cu-caracter-personal-in-timpul-pandemiei-covid-19-pandemic\/\",\"name\":\"Prelucrarea datelor cu caracter personal \u00een timpul pandemiei Covid-19 pandemic - McGregor &amp; Partners Bucharest\",\"isPartOf\":{\"@id\":\"https:\/\/www.mcgregorlegal.eu\/ro\/#website\"},\"primaryImageOfPage\":{\"@id\":\"https:\/\/www.mcgregorlegal.eu\/ro\/prelucrarea-datelor-cu-caracter-personal-in-timpul-pandemiei-covid-19-pandemic\/#primaryimage\"},\"image\":{\"@id\":\"https:\/\/www.mcgregorlegal.eu\/ro\/prelucrarea-datelor-cu-caracter-personal-in-timpul-pandemiei-covid-19-pandemic\/#primaryimage\"},\"thumbnailUrl\":\"https:\/\/www.mcgregorlegal.eu\/ro\/wp-content\/uploads\/sites\/2\/2020\/03\/3.jpg\",\"datePublished\":\"2020-03-24T09:39:12+00:00\",\"dateModified\":\"2020-06-23T12:03:50+00:00\",\"author\":{\"@id\":\"https:\/\/www.mcgregorlegal.eu\/ro\/#\/schema\/person\/d5fa29232162990d8f9fc758cd9060c9\"},\"breadcrumb\":{\"@id\":\"https:\/\/www.mcgregorlegal.eu\/ro\/prelucrarea-datelor-cu-caracter-personal-in-timpul-pandemiei-covid-19-pandemic\/#breadcrumb\"},\"inLanguage\":\"ro-RO\",\"potentialAction\":[{\"@type\":\"ReadAction\",\"target\":[\"https:\/\/www.mcgregorlegal.eu\/ro\/prelucrarea-datelor-cu-caracter-personal-in-timpul-pandemiei-covid-19-pandemic\/\"]}]},{\"@type\":\"ImageObject\",\"inLanguage\":\"ro-RO\",\"@id\":\"https:\/\/www.mcgregorlegal.eu\/ro\/prelucrarea-datelor-cu-caracter-personal-in-timpul-pandemiei-covid-19-pandemic\/#primaryimage\",\"url\":\"https:\/\/www.mcgregorlegal.eu\/ro\/wp-content\/uploads\/sites\/2\/2020\/03\/3.jpg\",\"contentUrl\":\"https:\/\/www.mcgregorlegal.eu\/ro\/wp-content\/uploads\/sites\/2\/2020\/03\/3.jpg\",\"width\":1000,\"height\":500},{\"@type\":\"BreadcrumbList\",\"@id\":\"https:\/\/www.mcgregorlegal.eu\/ro\/prelucrarea-datelor-cu-caracter-personal-in-timpul-pandemiei-covid-19-pandemic\/#breadcrumb\",\"itemListElement\":[{\"@type\":\"ListItem\",\"position\":1,\"name\":\"Home\",\"item\":\"https:\/\/www.mcgregorlegal.eu\/ro\/\"},{\"@type\":\"ListItem\",\"position\":2,\"name\":\"Prelucrarea datelor cu caracter personal \u00een timpul pandemiei Covid-19 pandemic\"}]},{\"@type\":\"WebSite\",\"@id\":\"https:\/\/www.mcgregorlegal.eu\/ro\/#website\",\"url\":\"https:\/\/www.mcgregorlegal.eu\/ro\/\",\"name\":\"McGregor &amp; Partners Bucharest\",\"description\":\"o firm\u0103 de avocatur\u0103 de tip boutique, specializat\u0103 pe tranzac\u021bii comerciale\",\"potentialAction\":[{\"@type\":\"SearchAction\",\"target\":{\"@type\":\"EntryPoint\",\"urlTemplate\":\"https:\/\/www.mcgregorlegal.eu\/ro\/?s={search_term_string}\"},\"query-input\":{\"@type\":\"PropertyValueSpecification\",\"valueRequired\":true,\"valueName\":\"search_term_string\"}}],\"inLanguage\":\"ro-RO\"},{\"@type\":\"Person\",\"@id\":\"https:\/\/www.mcgregorlegal.eu\/ro\/#\/schema\/person\/d5fa29232162990d8f9fc758cd9060c9\",\"name\":\"Luisa Mendez Guzman\",\"image\":{\"@type\":\"ImageObject\",\"inLanguage\":\"ro-RO\",\"@id\":\"https:\/\/www.mcgregorlegal.eu\/ro\/#\/schema\/person\/image\/80c74a31b49e51800178912b0989fcc7\",\"url\":\"https:\/\/secure.gravatar.com\/avatar\/31e748a6788b0d44b3ee854c609d2ab0?s=96&d=mm&r=g\",\"contentUrl\":\"https:\/\/secure.gravatar.com\/avatar\/31e748a6788b0d44b3ee854c609d2ab0?s=96&d=mm&r=g\",\"caption\":\"Luisa Mendez Guzman\"},\"url\":\"https:\/\/www.mcgregorlegal.eu\/ro\/author\/luisa-mendez-guzman\/\"}]}<\/script>\n<!-- \/ Yoast SEO plugin. -->","yoast_head_json":{"title":"Prelucrarea datelor cu caracter personal \u00een timpul pandemiei Covid-19 pandemic - McGregor &amp; Partners Bucharest","robots":{"index":"index","follow":"follow","max-snippet":"max-snippet:-1","max-image-preview":"max-image-preview:large","max-video-preview":"max-video-preview:-1"},"canonical":"https:\/\/www.mcgregorlegal.eu\/ro\/prelucrarea-datelor-cu-caracter-personal-in-timpul-pandemiei-covid-19-pandemic\/","og_locale":"ro_RO","og_type":"article","og_title":"Prelucrarea datelor cu caracter personal \u00een timpul pandemiei Covid-19 pandemic - McGregor &amp; Partners Bucharest","og_description":"Pe data de 19 martie 2020, Comitetul European pentru Protec\u021bia Datelor (CEPD) a publicat o declara\u021bie cu privire la prelucrarea datelor cu caracter personal \u00een contextul pandemiei de Covid-19.&nbsp; Declara\u021bia CEPD se refer\u0103 la prelucrarea diferitelor tipuri de date cu caracter personal de c\u0103tre guverne, organiza\u021bii publice \u0219i private din \u00eentrega Europ\u0103, \u00een timpul eforturilor [&hellip;]","og_url":"https:\/\/www.mcgregorlegal.eu\/ro\/prelucrarea-datelor-cu-caracter-personal-in-timpul-pandemiei-covid-19-pandemic\/","og_site_name":"McGregor &amp; Partners Bucharest","article_published_time":"2020-03-24T09:39:12+00:00","article_modified_time":"2020-06-23T12:03:50+00:00","og_image":[{"width":1000,"height":500,"url":"https:\/\/www.mcgregorlegal.eu\/ro\/wp-content\/uploads\/sites\/2\/2020\/03\/3.jpg","type":"image\/jpeg"}],"author":"Luisa Mendez Guzman","twitter_card":"summary_large_image","twitter_misc":{"Scris de":"Luisa Mendez Guzman","Timp estimat pentru citire":"4 minute","Written by":"Luisa Mendez Guzman"},"schema":{"@context":"https:\/\/schema.org","@graph":[{"@type":"WebPage","@id":"https:\/\/www.mcgregorlegal.eu\/ro\/prelucrarea-datelor-cu-caracter-personal-in-timpul-pandemiei-covid-19-pandemic\/","url":"https:\/\/www.mcgregorlegal.eu\/ro\/prelucrarea-datelor-cu-caracter-personal-in-timpul-pandemiei-covid-19-pandemic\/","name":"Prelucrarea datelor cu caracter personal \u00een timpul pandemiei Covid-19 pandemic - McGregor &amp; Partners Bucharest","isPartOf":{"@id":"https:\/\/www.mcgregorlegal.eu\/ro\/#website"},"primaryImageOfPage":{"@id":"https:\/\/www.mcgregorlegal.eu\/ro\/prelucrarea-datelor-cu-caracter-personal-in-timpul-pandemiei-covid-19-pandemic\/#primaryimage"},"image":{"@id":"https:\/\/www.mcgregorlegal.eu\/ro\/prelucrarea-datelor-cu-caracter-personal-in-timpul-pandemiei-covid-19-pandemic\/#primaryimage"},"thumbnailUrl":"https:\/\/www.mcgregorlegal.eu\/ro\/wp-content\/uploads\/sites\/2\/2020\/03\/3.jpg","datePublished":"2020-03-24T09:39:12+00:00","dateModified":"2020-06-23T12:03:50+00:00","author":{"@id":"https:\/\/www.mcgregorlegal.eu\/ro\/#\/schema\/person\/d5fa29232162990d8f9fc758cd9060c9"},"breadcrumb":{"@id":"https:\/\/www.mcgregorlegal.eu\/ro\/prelucrarea-datelor-cu-caracter-personal-in-timpul-pandemiei-covid-19-pandemic\/#breadcrumb"},"inLanguage":"ro-RO","potentialAction":[{"@type":"ReadAction","target":["https:\/\/www.mcgregorlegal.eu\/ro\/prelucrarea-datelor-cu-caracter-personal-in-timpul-pandemiei-covid-19-pandemic\/"]}]},{"@type":"ImageObject","inLanguage":"ro-RO","@id":"https:\/\/www.mcgregorlegal.eu\/ro\/prelucrarea-datelor-cu-caracter-personal-in-timpul-pandemiei-covid-19-pandemic\/#primaryimage","url":"https:\/\/www.mcgregorlegal.eu\/ro\/wp-content\/uploads\/sites\/2\/2020\/03\/3.jpg","contentUrl":"https:\/\/www.mcgregorlegal.eu\/ro\/wp-content\/uploads\/sites\/2\/2020\/03\/3.jpg","width":1000,"height":500},{"@type":"BreadcrumbList","@id":"https:\/\/www.mcgregorlegal.eu\/ro\/prelucrarea-datelor-cu-caracter-personal-in-timpul-pandemiei-covid-19-pandemic\/#breadcrumb","itemListElement":[{"@type":"ListItem","position":1,"name":"Home","item":"https:\/\/www.mcgregorlegal.eu\/ro\/"},{"@type":"ListItem","position":2,"name":"Prelucrarea datelor cu caracter personal \u00een timpul pandemiei Covid-19 pandemic"}]},{"@type":"WebSite","@id":"https:\/\/www.mcgregorlegal.eu\/ro\/#website","url":"https:\/\/www.mcgregorlegal.eu\/ro\/","name":"McGregor &amp; Partners Bucharest","description":"o firm\u0103 de avocatur\u0103 de tip boutique, specializat\u0103 pe tranzac\u021bii comerciale","potentialAction":[{"@type":"SearchAction","target":{"@type":"EntryPoint","urlTemplate":"https:\/\/www.mcgregorlegal.eu\/ro\/?s={search_term_string}"},"query-input":{"@type":"PropertyValueSpecification","valueRequired":true,"valueName":"search_term_string"}}],"inLanguage":"ro-RO"},{"@type":"Person","@id":"https:\/\/www.mcgregorlegal.eu\/ro\/#\/schema\/person\/d5fa29232162990d8f9fc758cd9060c9","name":"Luisa Mendez Guzman","image":{"@type":"ImageObject","inLanguage":"ro-RO","@id":"https:\/\/www.mcgregorlegal.eu\/ro\/#\/schema\/person\/image\/80c74a31b49e51800178912b0989fcc7","url":"https:\/\/secure.gravatar.com\/avatar\/31e748a6788b0d44b3ee854c609d2ab0?s=96&d=mm&r=g","contentUrl":"https:\/\/secure.gravatar.com\/avatar\/31e748a6788b0d44b3ee854c609d2ab0?s=96&d=mm&r=g","caption":"Luisa Mendez Guzman"},"url":"https:\/\/www.mcgregorlegal.eu\/ro\/author\/luisa-mendez-guzman\/"}]}},"_links":{"self":[{"href":"https:\/\/www.mcgregorlegal.eu\/ro\/wp-json\/wp\/v2\/posts\/2736","targetHints":{"allow":["GET"]}}],"collection":[{"href":"https:\/\/www.mcgregorlegal.eu\/ro\/wp-json\/wp\/v2\/posts"}],"about":[{"href":"https:\/\/www.mcgregorlegal.eu\/ro\/wp-json\/wp\/v2\/types\/post"}],"author":[{"embeddable":true,"href":"https:\/\/www.mcgregorlegal.eu\/ro\/wp-json\/wp\/v2\/users\/38"}],"replies":[{"embeddable":true,"href":"https:\/\/www.mcgregorlegal.eu\/ro\/wp-json\/wp\/v2\/comments?post=2736"}],"version-history":[{"count":1,"href":"https:\/\/www.mcgregorlegal.eu\/ro\/wp-json\/wp\/v2\/posts\/2736\/revisions"}],"predecessor-version":[{"id":2738,"href":"https:\/\/www.mcgregorlegal.eu\/ro\/wp-json\/wp\/v2\/posts\/2736\/revisions\/2738"}],"wp:featuredmedia":[{"embeddable":true,"href":"https:\/\/www.mcgregorlegal.eu\/ro\/wp-json\/wp\/v2\/media\/2737"}],"wp:attachment":[{"href":"https:\/\/www.mcgregorlegal.eu\/ro\/wp-json\/wp\/v2\/media?parent=2736"}],"wp:term":[{"taxonomy":"category","embeddable":true,"href":"https:\/\/www.mcgregorlegal.eu\/ro\/wp-json\/wp\/v2\/categories?post=2736"},{"taxonomy":"post_tag","embeddable":true,"href":"https:\/\/www.mcgregorlegal.eu\/ro\/wp-json\/wp\/v2\/tags?post=2736"},{"taxonomy":"author","embeddable":true,"href":"https:\/\/www.mcgregorlegal.eu\/ro\/wp-json\/wp\/v2\/coauthors?post=2736"}],"curies":[{"name":"wp","href":"https:\/\/api.w.org\/{rel}","templated":true}]}}