{"id":2595,"date":"2018-11-14T11:59:32","date_gmt":"2018-11-14T11:59:32","guid":{"rendered":"https:\/\/www.mcgregorlegal.eu\/ro\/?post_type=press-release&#038;p=2595"},"modified":"2018-11-14T12:09:33","modified_gmt":"2018-11-14T12:09:33","slug":"neil-mcgregor-este-noul-presedinte-al-camerei-de-comert-romano-britanice","status":"publish","type":"press-release","link":"https:\/\/www.mcgregorlegal.eu\/ro\/press-release\/neil-mcgregor-este-noul-presedinte-al-camerei-de-comert-romano-britanice\/","title":{"rendered":"Neil McGregor este noul Pre\u0219edinte al Camerei de Comer\u021b Rom\u00e2no-Britanice"},"content":{"rendered":"<p><strong><em>Bucure\u0219ti, 12 noiembrie 2018<\/em> \u2013 Neil McGregor (partener coordonator la McGregor &#038; Partenerii \u0219i administrator la Crama Purcari) \u00eei succede lui Colin Lovering \u00een func\u021bia de Pre\u0219edinte al Camerei de Comer\u021b Rom\u00e2no &#8211; Britanice (BRCC).<\/strong><\/p>\n<p>Neil, anterior unul dintre vicepre\u0219edin\u021bii BRCC, este avocat britanic \u0219i membru al Baroului Bucure\u0219ti, fiind partenerul coordonator al McGregor &#038; Partenerii, Bucure\u0219ti &#038; Sofia, pe l\u00e2ng\u0103 acestea este \u0219i administrator la Crama Purcari.  A fost mai \u00eent\u00e2i ales administrator al BRCC \u00een 2014, \u00een urma activit\u0103\u021bii juridice efectuate de firma sa pentru a acredita BRCC s\u0103 primeasc\u0103 finan\u021bare de la Guvernul Marii Britanii pentru a promova leg\u0103turile comerciale dintre Regatul Unit \u0219i Rom\u00e2nia.<\/p>\n<p>Pe l\u00e2ng\u0103 activitatea sa \u00een domeniul juridic ca avocat pe drept comercial, Neil prezideaz\u0103 \u0219i Comitetul de Nominalizare, Remunerare &#038; Guvernan\u021b\u0103 Corporatist\u0103 \u0219i face parte din Comitetul de Audit \u00een ocup\u00e2nd o pozi\u021bie non-executiv\u0103 la Crama Purcari, o companie ale c\u0103rei ac\u021biuni sunt listate pe indicele principal al Bursei de Valori Bucure\u0219ti.  Neil este unul din membrii fondatori ai Balului Caledonian din Bucure\u0219ti care sus\u021bine activitatea c\u00e2inilor \u00eenso\u021bitori ai persoanelor cu deficien\u021be de vedere din cadrul Asocia\u021biei de caritate Light into Europe \u0219i va fi maestru de ceremonii la edi\u021bia a 21-a a Balului la Hotelul Intercontinental din Bucure\u0219ti \u00een data de 17 noiembrie 2108.  Celelalte activit\u0103\u021bi caritabile \u0219i de voluntariat ale lui Neil se desf\u0103\u0219oar\u0103 at\u00e2t \u00een UK c\u00e2t \u0219i \u00een Rom\u00e2nia, incluz\u00e2nd o activitate de 24 de ani \u00een calitate de secretar al societ\u0103\u021bii Nene Valley Railway, o societate de caritate ce se ocup\u0103 de conservarea c\u0103ilor ferate de patrimoniu din Cambridgeshire, precum \u0219i sus\u021binerea asocia\u021biei rom\u00e2ne \u201cPrietenii Mocanitei\u201d care lucreaz\u0103 pentru redeschiderea c\u0103ii ferate cu ecartament \u00eengust Sibiu \u2013 Agnita, care este monument istoric \u00een Transilvania. Neil tr\u0103ie\u0219te \u00een Bucure\u0219ti din 1996 \u0219i este c\u0103s\u0103torit cu Boni (avocat rom\u00e2n \u0219i partener la McGregor &#038; Partenerii); av\u00e2nd \u00eempreun\u0103 o fat\u0103 \u00een v\u00e2rst\u0103 de zece ani. <\/p>\n<p>Neil a spus:<\/p>\n<blockquote><p>\u201cSunt \u00eenc\u00e2ntat c\u0103 am fost ales drept noul Pre\u0219edinte al BRCC \u00een anul centenar al Rom\u00e2niei.  BRCC s-a dezvoltat cu mult succes sub predecesorul meu, Colin Lovering \u0219i m\u0103 bucur c\u0103 voi fi sprijinit de Colin \u0219i de Dan Kearvell \u00een calitate de vicepre\u0219edin\u021bi, pe l\u00e2ng\u0103 ceilal\u021bi membri ai Consiliului Camerei.  Totu\u0219i avem \u00een fa\u021b\u0103 o provocare \u00een faptul c\u0103 UK va p\u0103r\u0103si EU la data de 29 martie anul viitor, \u00eempreun\u0103 cu toate incertitudinile \u0219i oportunit\u0103\u021bile aduse de acest eveniment.  BRCC este o asocia\u021bie nepolitic\u0103, condus\u0103 de membrii s\u0103i, pentru membrii s\u0103i, rom\u00e2ni,britanici sau de alt\u0103 na\u021bionalitate.  Membrii, de\u0219i \u00ee\u0219i desf\u0103\u0219oar\u0103 activitatea \u00een diverse domenii, se confrunt\u0103 adesea cu provoc\u0103ri asem\u0103n\u0103toare \u0219i experien\u021ba unui membru \u00eel poate ajuta pe alt membru.  Cel mai important, Camera permite comunit\u0103\u021bii de afaceri \u2013 din UK \u0219i din Rom\u00e2nia \u2013 s\u0103 \u00ee\u0219i exprime opiniile c\u0103tre guvernele din UK \u0219i Rom\u00e2nia.  Activitatea de afaceri \u0219i investi\u021biile nu se vor opri \u2013 \u0219i cu adev\u0103rat nu se pot opri \u2013 la data de 29 martie 2019.  Cred c\u0103 experien\u021ba mea \u00een domeniul juridic \u0219i \u00een domeniul afacerilor va ajuta la dezvoltarea rela\u021biilor BRCC cu ambasadele din Londra \u0219i Bucure\u0219ti precum \u0219i cu autorit\u0103\u021bile guvernamentale respective.  BRCC trebuie s\u0103 continue s\u0103 se asigure c\u0103 activit\u0103\u021bile de afaceri \u2013 \u0219i oamenii de afaceri \u2013 pot exploata oportunit\u0103\u021bile pe care plecarea UK din Uniunea European\u0103 le va aduce, precum \u0219i c\u0103 reduce la minim orice efecte mai pu\u021bin dorite ale acestui moment.\u201d<\/p><\/blockquote>\n","protected":false},"excerpt":{"rendered":"<p>Bucure\u0219ti, 12 noiembrie 2018 \u2013 Neil McGregor (partener coordonator la McGregor &#038; Partenerii \u0219i administrator la Crama Purcari) \u00eei succede lui Colin Lovering \u00een func\u021bia de Pre\u0219edinte al Camerei de Comer\u021b Rom\u00e2no &#8211; Britanice (BRCC). Neil, anterior unul dintre vicepre\u0219edin\u021bii BRCC, este avocat britanic \u0219i membru al Baroului Bucure\u0219ti, fiind partenerul coordonator al McGregor &#038; [&hellip;]<\/p>\n","protected":false},"author":41,"featured_media":2597,"template":"","tags":[],"coauthors":[],"class_list":{"0":"post-2595","1":"press-release","2":"type-press-release","3":"status-publish","4":"has-post-thumbnail","6":"entry"},"yoast_head":"<!-- This site is optimized with the Yoast SEO plugin v24.2 - https:\/\/yoast.com\/wordpress\/plugins\/seo\/ -->\n<title>Neil McGregor este noul Pre\u0219edinte al Camerei de Comer\u021b Rom\u00e2no-Britanice - McGregor &amp; Partners Bucharest<\/title>\n<meta name=\"robots\" content=\"index, follow, max-snippet:-1, max-image-preview:large, max-video-preview:-1\" \/>\n<link rel=\"canonical\" href=\"https:\/\/www.mcgregorlegal.eu\/ro\/press-release\/neil-mcgregor-este-noul-presedinte-al-camerei-de-comert-romano-britanice\/\" \/>\n<meta property=\"og:locale\" content=\"ro_RO\" \/>\n<meta property=\"og:type\" content=\"article\" \/>\n<meta property=\"og:title\" content=\"Neil McGregor este noul Pre\u0219edinte al Camerei de Comer\u021b Rom\u00e2no-Britanice - McGregor &amp; Partners Bucharest\" \/>\n<meta property=\"og:description\" content=\"Bucure\u0219ti, 12 noiembrie 2018 \u2013 Neil McGregor (partener coordonator la McGregor &#038; Partenerii \u0219i administrator la Crama Purcari) \u00eei succede lui Colin Lovering \u00een func\u021bia de Pre\u0219edinte al Camerei de Comer\u021b Rom\u00e2no &#8211; Britanice (BRCC). Neil, anterior unul dintre vicepre\u0219edin\u021bii BRCC, este avocat britanic \u0219i membru al Baroului Bucure\u0219ti, fiind partenerul coordonator al McGregor &#038; [&hellip;]\" \/>\n<meta property=\"og:url\" content=\"https:\/\/www.mcgregorlegal.eu\/ro\/press-release\/neil-mcgregor-este-noul-presedinte-al-camerei-de-comert-romano-britanice\/\" \/>\n<meta property=\"og:site_name\" content=\"McGregor &amp; Partners Bucharest\" \/>\n<meta property=\"article:modified_time\" content=\"2018-11-14T12:09:33+00:00\" \/>\n<meta property=\"og:image\" content=\"https:\/\/www.mcgregorlegal.eu\/ro\/wp-content\/uploads\/sites\/2\/2018\/11\/Neil-McGregor-the-new-Chairman-British-Romanian-Chamber-Commerce.jpg\" \/>\n\t<meta property=\"og:image:width\" content=\"900\" \/>\n\t<meta property=\"og:image:height\" content=\"600\" \/>\n\t<meta property=\"og:image:type\" content=\"image\/jpeg\" \/>\n<meta name=\"twitter:card\" content=\"summary_large_image\" \/>\n<meta name=\"twitter:label1\" content=\"Timp estimat pentru citire\" \/>\n\t<meta name=\"twitter:data1\" content=\"3 minute\" \/>\n\t<meta name=\"twitter:label2\" content=\"Written by\" \/>\n\t<meta name=\"twitter:data2\" content=\"McGregor Legal - Bucharest\" \/>\n<script type=\"application\/ld+json\" class=\"yoast-schema-graph\">{\"@context\":\"https:\/\/schema.org\",\"@graph\":[{\"@type\":\"WebPage\",\"@id\":\"https:\/\/www.mcgregorlegal.eu\/ro\/press-release\/neil-mcgregor-este-noul-presedinte-al-camerei-de-comert-romano-britanice\/\",\"url\":\"https:\/\/www.mcgregorlegal.eu\/ro\/press-release\/neil-mcgregor-este-noul-presedinte-al-camerei-de-comert-romano-britanice\/\",\"name\":\"Neil McGregor este noul Pre\u0219edinte al Camerei de Comer\u021b Rom\u00e2no-Britanice - McGregor &amp; Partners Bucharest\",\"isPartOf\":{\"@id\":\"https:\/\/www.mcgregorlegal.eu\/ro\/#website\"},\"primaryImageOfPage\":{\"@id\":\"https:\/\/www.mcgregorlegal.eu\/ro\/press-release\/neil-mcgregor-este-noul-presedinte-al-camerei-de-comert-romano-britanice\/#primaryimage\"},\"image\":{\"@id\":\"https:\/\/www.mcgregorlegal.eu\/ro\/press-release\/neil-mcgregor-este-noul-presedinte-al-camerei-de-comert-romano-britanice\/#primaryimage\"},\"thumbnailUrl\":\"https:\/\/www.mcgregorlegal.eu\/ro\/wp-content\/uploads\/sites\/2\/2018\/11\/Neil-McGregor-the-new-Chairman-British-Romanian-Chamber-Commerce.jpg\",\"datePublished\":\"2018-11-14T11:59:32+00:00\",\"dateModified\":\"2018-11-14T12:09:33+00:00\",\"breadcrumb\":{\"@id\":\"https:\/\/www.mcgregorlegal.eu\/ro\/press-release\/neil-mcgregor-este-noul-presedinte-al-camerei-de-comert-romano-britanice\/#breadcrumb\"},\"inLanguage\":\"ro-RO\",\"potentialAction\":[{\"@type\":\"ReadAction\",\"target\":[\"https:\/\/www.mcgregorlegal.eu\/ro\/press-release\/neil-mcgregor-este-noul-presedinte-al-camerei-de-comert-romano-britanice\/\"]}]},{\"@type\":\"ImageObject\",\"inLanguage\":\"ro-RO\",\"@id\":\"https:\/\/www.mcgregorlegal.eu\/ro\/press-release\/neil-mcgregor-este-noul-presedinte-al-camerei-de-comert-romano-britanice\/#primaryimage\",\"url\":\"https:\/\/www.mcgregorlegal.eu\/ro\/wp-content\/uploads\/sites\/2\/2018\/11\/Neil-McGregor-the-new-Chairman-British-Romanian-Chamber-Commerce.jpg\",\"contentUrl\":\"https:\/\/www.mcgregorlegal.eu\/ro\/wp-content\/uploads\/sites\/2\/2018\/11\/Neil-McGregor-the-new-Chairman-British-Romanian-Chamber-Commerce.jpg\",\"width\":900,\"height\":600},{\"@type\":\"BreadcrumbList\",\"@id\":\"https:\/\/www.mcgregorlegal.eu\/ro\/press-release\/neil-mcgregor-este-noul-presedinte-al-camerei-de-comert-romano-britanice\/#breadcrumb\",\"itemListElement\":[{\"@type\":\"ListItem\",\"position\":1,\"name\":\"Home\",\"item\":\"https:\/\/www.mcgregorlegal.eu\/ro\/\"},{\"@type\":\"ListItem\",\"position\":2,\"name\":\"News\",\"item\":\"https:\/\/www.mcgregorlegal.eu\/ro\/press-release\/\"},{\"@type\":\"ListItem\",\"position\":3,\"name\":\"Neil McGregor este noul Pre\u0219edinte al Camerei de Comer\u021b Rom\u00e2no-Britanice\"}]},{\"@type\":\"WebSite\",\"@id\":\"https:\/\/www.mcgregorlegal.eu\/ro\/#website\",\"url\":\"https:\/\/www.mcgregorlegal.eu\/ro\/\",\"name\":\"McGregor &amp; Partners Bucharest\",\"description\":\"o firm\u0103 de avocatur\u0103 de tip boutique, specializat\u0103 pe tranzac\u021bii comerciale\",\"potentialAction\":[{\"@type\":\"SearchAction\",\"target\":{\"@type\":\"EntryPoint\",\"urlTemplate\":\"https:\/\/www.mcgregorlegal.eu\/ro\/?s={search_term_string}\"},\"query-input\":{\"@type\":\"PropertyValueSpecification\",\"valueRequired\":true,\"valueName\":\"search_term_string\"}}],\"inLanguage\":\"ro-RO\"}]}<\/script>\n<!-- \/ Yoast SEO plugin. -->","yoast_head_json":{"title":"Neil McGregor este noul Pre\u0219edinte al Camerei de Comer\u021b Rom\u00e2no-Britanice - McGregor &amp; Partners Bucharest","robots":{"index":"index","follow":"follow","max-snippet":"max-snippet:-1","max-image-preview":"max-image-preview:large","max-video-preview":"max-video-preview:-1"},"canonical":"https:\/\/www.mcgregorlegal.eu\/ro\/press-release\/neil-mcgregor-este-noul-presedinte-al-camerei-de-comert-romano-britanice\/","og_locale":"ro_RO","og_type":"article","og_title":"Neil McGregor este noul Pre\u0219edinte al Camerei de Comer\u021b Rom\u00e2no-Britanice - McGregor &amp; Partners Bucharest","og_description":"Bucure\u0219ti, 12 noiembrie 2018 \u2013 Neil McGregor (partener coordonator la McGregor &#038; Partenerii \u0219i administrator la Crama Purcari) \u00eei succede lui Colin Lovering \u00een func\u021bia de Pre\u0219edinte al Camerei de Comer\u021b Rom\u00e2no &#8211; Britanice (BRCC). Neil, anterior unul dintre vicepre\u0219edin\u021bii BRCC, este avocat britanic \u0219i membru al Baroului Bucure\u0219ti, fiind partenerul coordonator al McGregor &#038; [&hellip;]","og_url":"https:\/\/www.mcgregorlegal.eu\/ro\/press-release\/neil-mcgregor-este-noul-presedinte-al-camerei-de-comert-romano-britanice\/","og_site_name":"McGregor &amp; Partners Bucharest","article_modified_time":"2018-11-14T12:09:33+00:00","og_image":[{"width":900,"height":600,"url":"https:\/\/www.mcgregorlegal.eu\/ro\/wp-content\/uploads\/sites\/2\/2018\/11\/Neil-McGregor-the-new-Chairman-British-Romanian-Chamber-Commerce.jpg","type":"image\/jpeg"}],"twitter_card":"summary_large_image","twitter_misc":{"Timp estimat pentru citire":"3 minute","Written by":"McGregor Legal - Bucharest"},"schema":{"@context":"https:\/\/schema.org","@graph":[{"@type":"WebPage","@id":"https:\/\/www.mcgregorlegal.eu\/ro\/press-release\/neil-mcgregor-este-noul-presedinte-al-camerei-de-comert-romano-britanice\/","url":"https:\/\/www.mcgregorlegal.eu\/ro\/press-release\/neil-mcgregor-este-noul-presedinte-al-camerei-de-comert-romano-britanice\/","name":"Neil McGregor este noul Pre\u0219edinte al Camerei de Comer\u021b Rom\u00e2no-Britanice - McGregor &amp; Partners Bucharest","isPartOf":{"@id":"https:\/\/www.mcgregorlegal.eu\/ro\/#website"},"primaryImageOfPage":{"@id":"https:\/\/www.mcgregorlegal.eu\/ro\/press-release\/neil-mcgregor-este-noul-presedinte-al-camerei-de-comert-romano-britanice\/#primaryimage"},"image":{"@id":"https:\/\/www.mcgregorlegal.eu\/ro\/press-release\/neil-mcgregor-este-noul-presedinte-al-camerei-de-comert-romano-britanice\/#primaryimage"},"thumbnailUrl":"https:\/\/www.mcgregorlegal.eu\/ro\/wp-content\/uploads\/sites\/2\/2018\/11\/Neil-McGregor-the-new-Chairman-British-Romanian-Chamber-Commerce.jpg","datePublished":"2018-11-14T11:59:32+00:00","dateModified":"2018-11-14T12:09:33+00:00","breadcrumb":{"@id":"https:\/\/www.mcgregorlegal.eu\/ro\/press-release\/neil-mcgregor-este-noul-presedinte-al-camerei-de-comert-romano-britanice\/#breadcrumb"},"inLanguage":"ro-RO","potentialAction":[{"@type":"ReadAction","target":["https:\/\/www.mcgregorlegal.eu\/ro\/press-release\/neil-mcgregor-este-noul-presedinte-al-camerei-de-comert-romano-britanice\/"]}]},{"@type":"ImageObject","inLanguage":"ro-RO","@id":"https:\/\/www.mcgregorlegal.eu\/ro\/press-release\/neil-mcgregor-este-noul-presedinte-al-camerei-de-comert-romano-britanice\/#primaryimage","url":"https:\/\/www.mcgregorlegal.eu\/ro\/wp-content\/uploads\/sites\/2\/2018\/11\/Neil-McGregor-the-new-Chairman-British-Romanian-Chamber-Commerce.jpg","contentUrl":"https:\/\/www.mcgregorlegal.eu\/ro\/wp-content\/uploads\/sites\/2\/2018\/11\/Neil-McGregor-the-new-Chairman-British-Romanian-Chamber-Commerce.jpg","width":900,"height":600},{"@type":"BreadcrumbList","@id":"https:\/\/www.mcgregorlegal.eu\/ro\/press-release\/neil-mcgregor-este-noul-presedinte-al-camerei-de-comert-romano-britanice\/#breadcrumb","itemListElement":[{"@type":"ListItem","position":1,"name":"Home","item":"https:\/\/www.mcgregorlegal.eu\/ro\/"},{"@type":"ListItem","position":2,"name":"News","item":"https:\/\/www.mcgregorlegal.eu\/ro\/press-release\/"},{"@type":"ListItem","position":3,"name":"Neil McGregor este noul Pre\u0219edinte al Camerei de Comer\u021b Rom\u00e2no-Britanice"}]},{"@type":"WebSite","@id":"https:\/\/www.mcgregorlegal.eu\/ro\/#website","url":"https:\/\/www.mcgregorlegal.eu\/ro\/","name":"McGregor &amp; Partners Bucharest","description":"o firm\u0103 de avocatur\u0103 de tip boutique, specializat\u0103 pe tranzac\u021bii comerciale","potentialAction":[{"@type":"SearchAction","target":{"@type":"EntryPoint","urlTemplate":"https:\/\/www.mcgregorlegal.eu\/ro\/?s={search_term_string}"},"query-input":{"@type":"PropertyValueSpecification","valueRequired":true,"valueName":"search_term_string"}}],"inLanguage":"ro-RO"}]}},"_links":{"self":[{"href":"https:\/\/www.mcgregorlegal.eu\/ro\/wp-json\/wp\/v2\/press-release\/2595","targetHints":{"allow":["GET"]}}],"collection":[{"href":"https:\/\/www.mcgregorlegal.eu\/ro\/wp-json\/wp\/v2\/press-release"}],"about":[{"href":"https:\/\/www.mcgregorlegal.eu\/ro\/wp-json\/wp\/v2\/types\/press-release"}],"author":[{"embeddable":true,"href":"https:\/\/www.mcgregorlegal.eu\/ro\/wp-json\/wp\/v2\/users\/41"}],"wp:featuredmedia":[{"embeddable":true,"href":"https:\/\/www.mcgregorlegal.eu\/ro\/wp-json\/wp\/v2\/media\/2597"}],"wp:attachment":[{"href":"https:\/\/www.mcgregorlegal.eu\/ro\/wp-json\/wp\/v2\/media?parent=2595"}],"wp:term":[{"taxonomy":"post_tag","embeddable":true,"href":"https:\/\/www.mcgregorlegal.eu\/ro\/wp-json\/wp\/v2\/tags?post=2595"},{"taxonomy":"author","embeddable":true,"href":"https:\/\/www.mcgregorlegal.eu\/ro\/wp-json\/wp\/v2\/coauthors?post=2595"}],"curies":[{"name":"wp","href":"https:\/\/api.w.org\/{rel}","templated":true}]}}