{"id":2601,"date":"2018-11-15T09:46:42","date_gmt":"2018-11-15T09:46:42","guid":{"rendered":"https:\/\/www.mcgregorlegal.eu\/ro\/?post_type=press-release&#038;p=2601"},"modified":"2018-11-15T09:46:42","modified_gmt":"2018-11-15T09:46:42","slug":"protectia-si-partajarea-datelor-eveniment-gazduit-de-kpmg","status":"publish","type":"press-release","link":"https:\/\/www.mcgregorlegal.eu\/ro\/press-release\/protectia-si-partajarea-datelor-eveniment-gazduit-de-kpmg\/","title":{"rendered":"Protec\u021bia \u0219i Partajarea Datelor &#8211; eveniment gazduit de KPMG"},"content":{"rendered":"<p>Partenerul nostru coordonator \u0219i noul pre\u0219edinte al consiliului de administra\u021bie al Camerei de Comer\u021b Rom\u00e2no-Britanic\u0103, Neil McGregor, a<br \/>\nmoderat, \u00een data de 14.11.2018, evenimentul dedicat Protec\u021bia \u0219i Partajarea Datelor, \u00een contextul ie\u0219irii Marii Britanii din Uniunii Europene, g\u0103zduit\u0103<br \/>\nde KPMG \u00een Rom\u00e2nia. Concluzia reuniunii a fost c\u0103, de\u0219i Marea Britanie inten\u021bioneaz\u0103 s\u0103 men\u021bin\u0103 standardele GDPR, transferul de date din UE \u00een<br \/>\nMarea Britanie este o chestiune deschis\u0103 dezbaterii odat\u0103 ce aceasta devine ter\u021b\u0103 parte, \u00eens\u0103 nu \u0219i \u00een cee ace prive\u0219te transferal datelor din Marea<br \/>\nBritanie c\u0103tre UE.<\/p>\n","protected":false},"excerpt":{"rendered":"<p>Partenerul nostru coordonator \u0219i noul pre\u0219edinte al consiliului de administra\u021bie al Camerei de Comer\u021b Rom\u00e2no-Britanic\u0103, Neil McGregor, a moderat, \u00een data de 14.11.2018, evenimentul dedicat Protec\u021bia \u0219i Partajarea Datelor, \u00een contextul ie\u0219irii Marii Britanii din Uniunii Europene, g\u0103zduit\u0103 de KPMG \u00een Rom\u00e2nia. Concluzia reuniunii a fost c\u0103, de\u0219i Marea Britanie inten\u021bioneaz\u0103 s\u0103 men\u021bin\u0103 standardele GDPR, [&hellip;]<\/p>\n","protected":false},"author":41,"featured_media":2602,"template":"","tags":[],"coauthors":[],"class_list":{"0":"post-2601","1":"press-release","2":"type-press-release","3":"status-publish","4":"has-post-thumbnail","6":"entry"},"yoast_head":"<!-- This site is optimized with the Yoast SEO plugin v24.2 - https:\/\/yoast.com\/wordpress\/plugins\/seo\/ -->\n<title>Protec\u021bia \u0219i Partajarea Datelor - eveniment gazduit de KPMG - McGregor &amp; Partners Bucharest<\/title>\n<meta name=\"robots\" content=\"index, follow, max-snippet:-1, max-image-preview:large, max-video-preview:-1\" \/>\n<link rel=\"canonical\" href=\"https:\/\/www.mcgregorlegal.eu\/ro\/press-release\/protectia-si-partajarea-datelor-eveniment-gazduit-de-kpmg\/\" \/>\n<meta property=\"og:locale\" content=\"ro_RO\" \/>\n<meta property=\"og:type\" content=\"article\" \/>\n<meta property=\"og:title\" content=\"Protec\u021bia \u0219i Partajarea Datelor - eveniment gazduit de KPMG - McGregor &amp; Partners Bucharest\" \/>\n<meta property=\"og:description\" content=\"Partenerul nostru coordonator \u0219i noul pre\u0219edinte al consiliului de administra\u021bie al Camerei de Comer\u021b Rom\u00e2no-Britanic\u0103, Neil McGregor, a moderat, \u00een data de 14.11.2018, evenimentul dedicat Protec\u021bia \u0219i Partajarea Datelor, \u00een contextul ie\u0219irii Marii Britanii din Uniunii Europene, g\u0103zduit\u0103 de KPMG \u00een Rom\u00e2nia. Concluzia reuniunii a fost c\u0103, de\u0219i Marea Britanie inten\u021bioneaz\u0103 s\u0103 men\u021bin\u0103 standardele GDPR, [&hellip;]\" \/>\n<meta property=\"og:url\" content=\"https:\/\/www.mcgregorlegal.eu\/ro\/press-release\/protectia-si-partajarea-datelor-eveniment-gazduit-de-kpmg\/\" \/>\n<meta property=\"og:site_name\" content=\"McGregor &amp; Partners Bucharest\" \/>\n<meta property=\"og:image\" content=\"https:\/\/www.mcgregorlegal.eu\/ro\/wp-content\/uploads\/sites\/2\/2018\/11\/Business-Power-Breakfast-on-Data-Protection-Sharing-hosted-KPMG.jpg\" \/>\n\t<meta property=\"og:image:width\" content=\"900\" \/>\n\t<meta property=\"og:image:height\" content=\"600\" \/>\n\t<meta property=\"og:image:type\" content=\"image\/jpeg\" \/>\n<meta name=\"twitter:card\" content=\"summary_large_image\" \/>\n<meta name=\"twitter:label1\" content=\"Written by\" \/>\n\t<meta name=\"twitter:data1\" content=\"McGregor Legal - Bucharest\" \/>\n<script type=\"application\/ld+json\" class=\"yoast-schema-graph\">{\"@context\":\"https:\/\/schema.org\",\"@graph\":[{\"@type\":\"WebPage\",\"@id\":\"https:\/\/www.mcgregorlegal.eu\/ro\/press-release\/protectia-si-partajarea-datelor-eveniment-gazduit-de-kpmg\/\",\"url\":\"https:\/\/www.mcgregorlegal.eu\/ro\/press-release\/protectia-si-partajarea-datelor-eveniment-gazduit-de-kpmg\/\",\"name\":\"Protec\u021bia \u0219i Partajarea Datelor - eveniment gazduit de KPMG - McGregor &amp; Partners Bucharest\",\"isPartOf\":{\"@id\":\"https:\/\/www.mcgregorlegal.eu\/ro\/#website\"},\"primaryImageOfPage\":{\"@id\":\"https:\/\/www.mcgregorlegal.eu\/ro\/press-release\/protectia-si-partajarea-datelor-eveniment-gazduit-de-kpmg\/#primaryimage\"},\"image\":{\"@id\":\"https:\/\/www.mcgregorlegal.eu\/ro\/press-release\/protectia-si-partajarea-datelor-eveniment-gazduit-de-kpmg\/#primaryimage\"},\"thumbnailUrl\":\"https:\/\/www.mcgregorlegal.eu\/ro\/wp-content\/uploads\/sites\/2\/2018\/11\/Business-Power-Breakfast-on-Data-Protection-Sharing-hosted-KPMG.jpg\",\"datePublished\":\"2018-11-15T09:46:42+00:00\",\"dateModified\":\"2018-11-15T09:46:42+00:00\",\"breadcrumb\":{\"@id\":\"https:\/\/www.mcgregorlegal.eu\/ro\/press-release\/protectia-si-partajarea-datelor-eveniment-gazduit-de-kpmg\/#breadcrumb\"},\"inLanguage\":\"ro-RO\",\"potentialAction\":[{\"@type\":\"ReadAction\",\"target\":[\"https:\/\/www.mcgregorlegal.eu\/ro\/press-release\/protectia-si-partajarea-datelor-eveniment-gazduit-de-kpmg\/\"]}]},{\"@type\":\"ImageObject\",\"inLanguage\":\"ro-RO\",\"@id\":\"https:\/\/www.mcgregorlegal.eu\/ro\/press-release\/protectia-si-partajarea-datelor-eveniment-gazduit-de-kpmg\/#primaryimage\",\"url\":\"https:\/\/www.mcgregorlegal.eu\/ro\/wp-content\/uploads\/sites\/2\/2018\/11\/Business-Power-Breakfast-on-Data-Protection-Sharing-hosted-KPMG.jpg\",\"contentUrl\":\"https:\/\/www.mcgregorlegal.eu\/ro\/wp-content\/uploads\/sites\/2\/2018\/11\/Business-Power-Breakfast-on-Data-Protection-Sharing-hosted-KPMG.jpg\",\"width\":900,\"height\":600},{\"@type\":\"BreadcrumbList\",\"@id\":\"https:\/\/www.mcgregorlegal.eu\/ro\/press-release\/protectia-si-partajarea-datelor-eveniment-gazduit-de-kpmg\/#breadcrumb\",\"itemListElement\":[{\"@type\":\"ListItem\",\"position\":1,\"name\":\"Home\",\"item\":\"https:\/\/www.mcgregorlegal.eu\/ro\/\"},{\"@type\":\"ListItem\",\"position\":2,\"name\":\"News\",\"item\":\"https:\/\/www.mcgregorlegal.eu\/ro\/press-release\/\"},{\"@type\":\"ListItem\",\"position\":3,\"name\":\"Protec\u021bia \u0219i Partajarea Datelor &#8211; eveniment gazduit de KPMG\"}]},{\"@type\":\"WebSite\",\"@id\":\"https:\/\/www.mcgregorlegal.eu\/ro\/#website\",\"url\":\"https:\/\/www.mcgregorlegal.eu\/ro\/\",\"name\":\"McGregor &amp; Partners Bucharest\",\"description\":\"o firm\u0103 de avocatur\u0103 de tip boutique, specializat\u0103 pe tranzac\u021bii comerciale\",\"potentialAction\":[{\"@type\":\"SearchAction\",\"target\":{\"@type\":\"EntryPoint\",\"urlTemplate\":\"https:\/\/www.mcgregorlegal.eu\/ro\/?s={search_term_string}\"},\"query-input\":{\"@type\":\"PropertyValueSpecification\",\"valueRequired\":true,\"valueName\":\"search_term_string\"}}],\"inLanguage\":\"ro-RO\"}]}<\/script>\n<!-- \/ Yoast SEO plugin. -->","yoast_head_json":{"title":"Protec\u021bia \u0219i Partajarea Datelor - eveniment gazduit de KPMG - McGregor &amp; Partners Bucharest","robots":{"index":"index","follow":"follow","max-snippet":"max-snippet:-1","max-image-preview":"max-image-preview:large","max-video-preview":"max-video-preview:-1"},"canonical":"https:\/\/www.mcgregorlegal.eu\/ro\/press-release\/protectia-si-partajarea-datelor-eveniment-gazduit-de-kpmg\/","og_locale":"ro_RO","og_type":"article","og_title":"Protec\u021bia \u0219i Partajarea Datelor - eveniment gazduit de KPMG - McGregor &amp; Partners Bucharest","og_description":"Partenerul nostru coordonator \u0219i noul pre\u0219edinte al consiliului de administra\u021bie al Camerei de Comer\u021b Rom\u00e2no-Britanic\u0103, Neil McGregor, a moderat, \u00een data de 14.11.2018, evenimentul dedicat Protec\u021bia \u0219i Partajarea Datelor, \u00een contextul ie\u0219irii Marii Britanii din Uniunii Europene, g\u0103zduit\u0103 de KPMG \u00een Rom\u00e2nia. Concluzia reuniunii a fost c\u0103, de\u0219i Marea Britanie inten\u021bioneaz\u0103 s\u0103 men\u021bin\u0103 standardele GDPR, [&hellip;]","og_url":"https:\/\/www.mcgregorlegal.eu\/ro\/press-release\/protectia-si-partajarea-datelor-eveniment-gazduit-de-kpmg\/","og_site_name":"McGregor &amp; Partners Bucharest","og_image":[{"width":900,"height":600,"url":"https:\/\/www.mcgregorlegal.eu\/ro\/wp-content\/uploads\/sites\/2\/2018\/11\/Business-Power-Breakfast-on-Data-Protection-Sharing-hosted-KPMG.jpg","type":"image\/jpeg"}],"twitter_card":"summary_large_image","twitter_misc":{"Written by":"McGregor Legal - Bucharest"},"schema":{"@context":"https:\/\/schema.org","@graph":[{"@type":"WebPage","@id":"https:\/\/www.mcgregorlegal.eu\/ro\/press-release\/protectia-si-partajarea-datelor-eveniment-gazduit-de-kpmg\/","url":"https:\/\/www.mcgregorlegal.eu\/ro\/press-release\/protectia-si-partajarea-datelor-eveniment-gazduit-de-kpmg\/","name":"Protec\u021bia \u0219i Partajarea Datelor - eveniment gazduit de KPMG - McGregor &amp; Partners Bucharest","isPartOf":{"@id":"https:\/\/www.mcgregorlegal.eu\/ro\/#website"},"primaryImageOfPage":{"@id":"https:\/\/www.mcgregorlegal.eu\/ro\/press-release\/protectia-si-partajarea-datelor-eveniment-gazduit-de-kpmg\/#primaryimage"},"image":{"@id":"https:\/\/www.mcgregorlegal.eu\/ro\/press-release\/protectia-si-partajarea-datelor-eveniment-gazduit-de-kpmg\/#primaryimage"},"thumbnailUrl":"https:\/\/www.mcgregorlegal.eu\/ro\/wp-content\/uploads\/sites\/2\/2018\/11\/Business-Power-Breakfast-on-Data-Protection-Sharing-hosted-KPMG.jpg","datePublished":"2018-11-15T09:46:42+00:00","dateModified":"2018-11-15T09:46:42+00:00","breadcrumb":{"@id":"https:\/\/www.mcgregorlegal.eu\/ro\/press-release\/protectia-si-partajarea-datelor-eveniment-gazduit-de-kpmg\/#breadcrumb"},"inLanguage":"ro-RO","potentialAction":[{"@type":"ReadAction","target":["https:\/\/www.mcgregorlegal.eu\/ro\/press-release\/protectia-si-partajarea-datelor-eveniment-gazduit-de-kpmg\/"]}]},{"@type":"ImageObject","inLanguage":"ro-RO","@id":"https:\/\/www.mcgregorlegal.eu\/ro\/press-release\/protectia-si-partajarea-datelor-eveniment-gazduit-de-kpmg\/#primaryimage","url":"https:\/\/www.mcgregorlegal.eu\/ro\/wp-content\/uploads\/sites\/2\/2018\/11\/Business-Power-Breakfast-on-Data-Protection-Sharing-hosted-KPMG.jpg","contentUrl":"https:\/\/www.mcgregorlegal.eu\/ro\/wp-content\/uploads\/sites\/2\/2018\/11\/Business-Power-Breakfast-on-Data-Protection-Sharing-hosted-KPMG.jpg","width":900,"height":600},{"@type":"BreadcrumbList","@id":"https:\/\/www.mcgregorlegal.eu\/ro\/press-release\/protectia-si-partajarea-datelor-eveniment-gazduit-de-kpmg\/#breadcrumb","itemListElement":[{"@type":"ListItem","position":1,"name":"Home","item":"https:\/\/www.mcgregorlegal.eu\/ro\/"},{"@type":"ListItem","position":2,"name":"News","item":"https:\/\/www.mcgregorlegal.eu\/ro\/press-release\/"},{"@type":"ListItem","position":3,"name":"Protec\u021bia \u0219i Partajarea Datelor &#8211; eveniment gazduit de KPMG"}]},{"@type":"WebSite","@id":"https:\/\/www.mcgregorlegal.eu\/ro\/#website","url":"https:\/\/www.mcgregorlegal.eu\/ro\/","name":"McGregor &amp; Partners Bucharest","description":"o firm\u0103 de avocatur\u0103 de tip boutique, specializat\u0103 pe tranzac\u021bii comerciale","potentialAction":[{"@type":"SearchAction","target":{"@type":"EntryPoint","urlTemplate":"https:\/\/www.mcgregorlegal.eu\/ro\/?s={search_term_string}"},"query-input":{"@type":"PropertyValueSpecification","valueRequired":true,"valueName":"search_term_string"}}],"inLanguage":"ro-RO"}]}},"_links":{"self":[{"href":"https:\/\/www.mcgregorlegal.eu\/ro\/wp-json\/wp\/v2\/press-release\/2601","targetHints":{"allow":["GET"]}}],"collection":[{"href":"https:\/\/www.mcgregorlegal.eu\/ro\/wp-json\/wp\/v2\/press-release"}],"about":[{"href":"https:\/\/www.mcgregorlegal.eu\/ro\/wp-json\/wp\/v2\/types\/press-release"}],"author":[{"embeddable":true,"href":"https:\/\/www.mcgregorlegal.eu\/ro\/wp-json\/wp\/v2\/users\/41"}],"wp:featuredmedia":[{"embeddable":true,"href":"https:\/\/www.mcgregorlegal.eu\/ro\/wp-json\/wp\/v2\/media\/2602"}],"wp:attachment":[{"href":"https:\/\/www.mcgregorlegal.eu\/ro\/wp-json\/wp\/v2\/media?parent=2601"}],"wp:term":[{"taxonomy":"post_tag","embeddable":true,"href":"https:\/\/www.mcgregorlegal.eu\/ro\/wp-json\/wp\/v2\/tags?post=2601"},{"taxonomy":"author","embeddable":true,"href":"https:\/\/www.mcgregorlegal.eu\/ro\/wp-json\/wp\/v2\/coauthors?post=2601"}],"curies":[{"name":"wp","href":"https:\/\/api.w.org\/{rel}","templated":true}]}}